{"id":9861,"date":"2026-04-21T13:15:33","date_gmt":"2026-04-21T11:15:33","guid":{"rendered":"https:\/\/lelystadlogistics.com\/eroeffnung-des-flughafens-lelystad-rueckt-naeher-impuls-fuer-die-region-und-chancen-fuer-die-logistik\/"},"modified":"2026-04-21T16:03:10","modified_gmt":"2026-04-21T14:03:10","slug":"eroeffnung-des-flughafens-lelystad-rueckt-naeher-impuls-fuer-die-region-und-chancen-fuer-die-logistik","status":"publish","type":"post","link":"https:\/\/lelystadlogistics.com\/de\/eroeffnung-des-flughafens-lelystad-rueckt-naeher-impuls-fuer-die-region-und-chancen-fuer-die-logistik\/","title":{"rendered":"Er\u00f6ffnung des Flughafens Lelystad r\u00fcckt n\u00e4her: Impuls f\u00fcr die Region und Chancen f\u00fcr die Logistik"},"content":{"rendered":"<p>[et_pb_section fb_built=&#8220;1&#8243; admin_label=&#8220;Contentheader&#8220; module_class=&#8220;header-divider&#8220; _builder_version=&#8220;4.27.5&#8243; _module_preset=&#8220;default&#8220; background_image=&#8220;https:\/\/lelystadlogistics.com\/wp-content\/uploads\/2025\/12\/V6_00092213-scaled.jpg&#8220; height=&#8220;785px&#8220; height_tablet=&#8220;700px&#8220; height_phone=&#8220;488px&#8220; height_last_edited=&#8220;on|phone&#8220; top_divider_height=&#8220;571px&#8220; top_divider_height_tablet=&#8220;370px&#8220; top_divider_height_phone=&#8220;215px&#8220; top_divider_height_last_edited=&#8220;on|tablet&#8220; locked=&#8220;off&#8220; global_colors_info=&#8220;{}&#8220; theme_builder_area=&#8220;post_content&#8220;][\/et_pb_section][et_pb_section fb_built=&#8220;1&#8243; _builder_version=&#8220;4.27.5&#8243; _module_preset=&#8220;default&#8220; background_enable_image=&#8220;off&#8220; custom_padding=&#8220;||0px||false|false&#8220; locked=&#8220;off&#8220; global_colors_info=&#8220;{}&#8220; theme_builder_area=&#8220;post_content&#8220;][et_pb_row column_structure=&#8220;3_4,1_4&#8243; custom_padding_last_edited=&#8220;off|desktop&#8220; _builder_version=&#8220;4.27.4&#8243; _module_preset=&#8220;default&#8220; custom_margin=&#8220;||20px||false|false&#8220; custom_padding=&#8220;0px||0px||false|false&#8220; custom_padding_tablet=&#8220;||0px||false|false&#8220; custom_padding_phone=&#8220;0px||0px||false|false&#8220; locked=&#8220;off&#8220; global_colors_info=&#8220;{}&#8220; theme_builder_area=&#8220;post_content&#8220;][et_pb_column type=&#8220;3_4&#8243; _builder_version=&#8220;4.27.4&#8243; _module_preset=&#8220;default&#8220; custom_padding=&#8220;45px||||false|false&#8220; custom_padding_tablet=&#8220;0px||||false|false&#8220; custom_padding_phone=&#8220;0px||||false|false&#8220; custom_padding_last_edited=&#8220;on|tablet&#8220; global_colors_info=&#8220;{}&#8220; theme_builder_area=&#8220;post_content&#8220;][\/et_pb_column][et_pb_column type=&#8220;1_4&#8243; _builder_version=&#8220;4.27.4&#8243; _module_preset=&#8220;default&#8220; global_colors_info=&#8220;{}&#8220; theme_builder_area=&#8220;post_content&#8220;][et_pb_button button_url=&#8220;@ET-DC@eyJkeW5hbWljIjp0cnVlLCJjb250ZW50IjoicG9zdF9saW5rX3VybF9wYWdlIiwic2V0dGluZ3MiOnsicG9zdF9pZCI6IjM4In19@&#8220; button_text=&#8220;Zur\u00fcck zur \u00dcbersicht&#8220; button_alignment=&#8220;right&#8220; button_alignment_tablet=&#8220;left&#8220; button_alignment_phone=&#8220;left&#8220; button_alignment_last_edited=&#8220;on|tablet&#8220; disabled_on=&#8220;on|on|off&#8220; admin_label=&#8220;Desktop&#8220; _builder_version=&#8220;4.27.5&#8243; _dynamic_attributes=&#8220;button_url&#8220; _module_preset=&#8220;default&#8220; button_icon_placement=&#8220;left&#8220; custom_padding=&#8220;7px|18px|7px|43px|true|false&#8220; custom_css_free_form=&#8220;selector::before {||    content: %22%22 !important;||    display: inline-block !important;||    opacity: 1 !important;||    position: absolute;||    left: 35px;||    width: 14px;||    height: 21px;||    background-color: transparent;||    top: 12px;||    background-size: contain;||    background-repeat: no-repeat;||    background-image: url(%22data:image\/svg+xml;base64,PHN2ZyB4bWxucz0naHR0cDovL3d3dy53My5vcmcvMjAwMC9zdmcnIHdpZHRoPScxMy45MzgnIGhlaWdodD0nMjAuOTE4JyB2aWV3Qm94PScwIDAgMTMuOTM4IDIwLjkxOCc+PGcgaWQ9J0dyb3VwXzE1NScgZGF0YS1uYW1lPSdHcm91cCAxNTUnIHRyYW5zZm9ybT0ndHJhbnNsYXRlKC02LjU0OSAwKSc+PGcgaWQ9J0dyb3VwXzI3NCcgZGF0YS1uYW1lPSdHcm91cCAyNzQnIHRyYW5zZm9ybT0ndHJhbnNsYXRlKDAgMCknPjxwYXRoIGlkPSdQYXRoXzY0JyBkYXRhLW5hbWU9J1BhdGggNjQnIGQ9J00xMi45MTgsMjAuOTE4YTEuMDIsMS4wMiwwLDAsMCwuNjM1LTEuODE4TDIuNjYsMTAuNDU5LDEzLjU1MywxLjgxOGExLjAxOSwxLjAxOSwwLDAsMC0xLjI2OC0xLjZMLjM4Niw5LjY2YTEuMDIsMS4wMiwwLDAsMCwwLDEuNmwxMS45LDkuNDRhMS4wMTcsMS4wMTcsMCwwLDAsLjYzMy4yMjEnIHRyYW5zZm9ybT0ndHJhbnNsYXRlKDYuNTQ5IDApJyBmaWxsPScjZmZmJy8+PC9nPjwvZz48L3N2Zz4K%22)!important;||} ||||selector:hover::before {||    content: %22%22 !important;||    display: inline-block !important;||    opacity: 1 !important;||    position: absolute;||    left: 35px;||    width: 14px;||    height: 21px;||    background-color: transparent;||    top: 12px;||    background-size: contain;||    background-repeat: no-repeat;||    background-image: url(%22data:image\/svg+xml;base64,PHN2ZyB4bWxucz0naHR0cDovL3d3dy53My5vcmcvMjAwMC9zdmcnIHdpZHRoPScxMy45MzgnIGhlaWdodD0nMjAuOTE4JyB2aWV3Qm94PScwIDAgMTMuOTM4IDIwLjkxOCc+PGcgaWQ9J0dyb3VwXzE1NScgZGF0YS1uYW1lPSdHcm91cCAxNTUnIHRyYW5zZm9ybT0ndHJhbnNsYXRlKC02LjU0OSAwKSc+PGcgaWQ9J0dyb3VwXzI3NCcgZGF0YS1uYW1lPSdHcm91cCAyNzQnIHRyYW5zZm9ybT0ndHJhbnNsYXRlKDAgMCknPjxwYXRoIGlkPSdQYXRoXzY0JyBkYXRhLW5hbWU9J1BhdGggNjQnIGQ9J00xMi45MTgsMjAuOTE4YTEuMDIsMS4wMiwwLDAsMCwuNjM1LTEuODE4TDIuNjYsMTAuNDU5LDEzLjU1MywxLjgxOGExLjAxOSwxLjAxOSwwLDAsMC0xLjI2OC0xLjZMLjM4Niw5LjY2YTEuMDIsMS4wMiwwLDAsMCwwLDEuNmwxMS45LDkuNDRhMS4wMTcsMS4wMTcsMCwwLDAsLjYzMy4yMjEnIHRyYW5zZm9ybT0ndHJhbnNsYXRlKDYuNTQ5IDApJyBmaWxsPScjZmZmJy8+PC9nPjwvZz48L3N2Zz4K%22)!important; ||}||&#8220; global_colors_info=&#8220;{}&#8220; theme_builder_area=&#8220;post_content&#8220;][\/et_pb_button][\/et_pb_column][\/et_pb_row][et_pb_row _builder_version=&#8220;4.27.4&#8243; _module_preset=&#8220;default&#8220; custom_padding=&#8220;0px||0px||true|false&#8220; global_colors_info=&#8220;{}&#8220; theme_builder_area=&#8220;post_content&#8220;][et_pb_column type=&#8220;4_4&#8243; _builder_version=&#8220;4.27.4&#8243; _module_preset=&#8220;default&#8220; global_colors_info=&#8220;{}&#8220; theme_builder_area=&#8220;post_content&#8220;][dsm_social_share_buttons dsm_view=&#8220;icon&#8220; dsm_column_gap=&#8220;6px&#8220; dsm_icon_size=&#8220;22px&#8220; dsm_color_type=&#8220;custom&#8220; dsm_custom_bg_color=&#8220;#FFFFFF&#8220; dsm_custom_color=&#8220;#002B51&#8243; disabled_on=&#8220;on|on|off&#8220; _builder_version=&#8220;4.27.5&#8243; _module_preset=&#8220;default&#8220; z_index=&#8220;2&#8243; module_alignment=&#8220;right&#8220; custom_margin=&#8220;||0px||false|false&#8220; custom_padding=&#8220;24px|24px|0px||false|false&#8220; custom_css_free_form=&#8220;.dsm_social_share_buttons_0_tb_body .dsm-social-share-buttons-container {||    display: flex!important;||    flex-wrap: wrap!important;||    justify-content: flex-end!important;||    width: 100%!important;||}&#8220; global_colors_info=&#8220;{}&#8220; dsm_custom_color__hover_enabled=&#8220;on|hover&#8220; dsm_custom_color__hover=&#8220;#95BC33&#8243; theme_builder_area=&#8220;post_content&#8220;][dsm_social_share_buttons_child dsm_network=&#8220;linkedin&#8220; dsm_color_type=&#8220;custom&#8220; dsm_custom_bg_color=&#8220;#FFFFFF&#8220; dsm_custom_color=&#8220;#002B51&#8243; dsm_custom_color_last_edited=&#8220;off|desktop&#8220; _builder_version=&#8220;4.27.4&#8243; _module_preset=&#8220;default&#8220; background_enable_color=&#8220;off&#8220; custom_padding=&#8220;||||false|false&#8220; global_colors_info=&#8220;{}&#8220; theme_builder_area=&#8220;post_content&#8220; dsm_view=&#8220;icon&#8220; dsm_label=&#8220;on&#8220; dsm_social_hover_animation=&#8220;dsm-none&#8220;][\/dsm_social_share_buttons_child][dsm_social_share_buttons_child dsm_network=&#8220;whatsapp&#8220; dsm_color_type=&#8220;custom&#8220; dsm_custom_bg_color=&#8220;#FFFFFF&#8220; dsm_custom_color=&#8220;#002B51&#8243; dsm_custom_color_last_edited=&#8220;off|desktop&#8220; _builder_version=&#8220;4.27.4&#8243; _module_preset=&#8220;default&#8220; background_enable_color=&#8220;off&#8220; custom_padding=&#8220;||||false|false&#8220; global_colors_info=&#8220;{}&#8220; theme_builder_area=&#8220;post_content&#8220; dsm_view=&#8220;icon&#8220; dsm_label=&#8220;on&#8220; dsm_social_hover_animation=&#8220;dsm-none&#8220;][\/dsm_social_share_buttons_child][\/dsm_social_share_buttons][et_pb_divider show_divider=&#8220;off&#8220; _builder_version=&#8220;4.27.6&#8243; _module_preset=&#8220;default&#8220; background_image=&#8220;https:\/\/lelystadlogistics.com\/wp-content\/uploads\/2026\/02\/Lelystad-Airport_GA_01-scaled-1.jpg&#8220; height=&#8220;521px&#8220; height_tablet=&#8220;360px&#8220; height_phone=&#8220;215px&#8220; height_last_edited=&#8220;on|phone&#8220; custom_margin=&#8220;-78px||||false|false&#8220; custom_margin_tablet=&#8220;0px||||false|false&#8220; custom_margin_phone=&#8220;0px||||false|false&#8220; custom_margin_last_edited=&#8220;on|phone&#8220; hover_enabled=&#8220;0&#8243; global_colors_info=&#8220;{}&#8220; theme_builder_area=&#8220;post_content&#8220; alt=&#8220;Luchtfoto Lelystad Airport&#8220; title_text=&#8220;Lelystad-Airport&#8220; sticky_enabled=&#8220;0&#8243;][\/et_pb_divider][dsm_social_share_buttons dsm_view=&#8220;icon&#8220; dsm_column_gap=&#8220;6px&#8220; dsm_icon_size=&#8220;22px&#8220; dsm_color_type=&#8220;custom&#8220; dsm_custom_bg_color=&#8220;#FFFFFF&#8220; dsm_custom_color=&#8220;#002B51&#8243; disabled_on=&#8220;off|off|on&#8220; _builder_version=&#8220;4.27.5&#8243; _module_preset=&#8220;default&#8220; z_index=&#8220;2&#8243; module_alignment=&#8220;right&#8220; custom_margin=&#8220;-67px||0px||false|false&#8220; custom_padding=&#8220;12px|12px|0px||false|false&#8220; custom_css_free_form=&#8220;.dsm_social_share_buttons_1_tb_body .dsm-social-share-buttons-container {||    display: flex!important;||    flex-wrap: wrap!important;||    justify-content: flex-end!important;||    width: 100%!important;||}&#8220; global_colors_info=&#8220;{}&#8220; dsm_custom_color__hover_enabled=&#8220;on|hover&#8220; dsm_custom_color__hover=&#8220;#95BC33&#8243; theme_builder_area=&#8220;post_content&#8220;][dsm_social_share_buttons_child dsm_network=&#8220;linkedin&#8220; dsm_color_type=&#8220;custom&#8220; dsm_custom_bg_color=&#8220;#FFFFFF&#8220; dsm_custom_color=&#8220;#002B51&#8243; dsm_custom_color_last_edited=&#8220;off|desktop&#8220; _builder_version=&#8220;4.27.4&#8243; _module_preset=&#8220;default&#8220; background_enable_color=&#8220;off&#8220; custom_padding=&#8220;||||false|false&#8220; global_colors_info=&#8220;{}&#8220; theme_builder_area=&#8220;post_content&#8220; dsm_view=&#8220;icon&#8220; dsm_label=&#8220;on&#8220; dsm_social_hover_animation=&#8220;dsm-none&#8220;][\/dsm_social_share_buttons_child][dsm_social_share_buttons_child dsm_network=&#8220;whatsapp&#8220; dsm_color_type=&#8220;custom&#8220; dsm_custom_bg_color=&#8220;#FFFFFF&#8220; dsm_custom_color=&#8220;#002B51&#8243; dsm_custom_color_last_edited=&#8220;off|desktop&#8220; _builder_version=&#8220;4.27.4&#8243; _module_preset=&#8220;default&#8220; background_enable_color=&#8220;off&#8220; custom_padding=&#8220;||||false|false&#8220; global_colors_info=&#8220;{}&#8220; theme_builder_area=&#8220;post_content&#8220; dsm_view=&#8220;icon&#8220; dsm_label=&#8220;on&#8220; dsm_social_hover_animation=&#8220;dsm-none&#8220;][\/dsm_social_share_buttons_child][\/dsm_social_share_buttons][\/et_pb_column][\/et_pb_row][et_pb_row column_structure=&#8220;3_5,2_5&#8243; custom_padding_last_edited=&#8220;on|phone&#8220; _builder_version=&#8220;4.27.4&#8243; _module_preset=&#8220;default&#8220; background_color=&#8220;#002B51&#8243; custom_padding=&#8220;23px|209px|22px|214px|false|false&#8220; custom_padding_tablet=&#8220;23px|78px|22px|78px|false|false&#8220; custom_padding_phone=&#8220;|||25px|false|false&#8220; global_colors_info=&#8220;{}&#8220; theme_builder_area=&#8220;post_content&#8220;][et_pb_column type=&#8220;3_5&#8243; _builder_version=&#8220;4.27.4&#8243; _module_preset=&#8220;default&#8220; global_colors_info=&#8220;{}&#8220; theme_builder_area=&#8220;post_content&#8220;][et_pb_text _builder_version=&#8220;4.27.4&#8243; _dynamic_attributes=&#8220;content&#8220; _module_preset=&#8220;default&#8220; header_font=&#8220;|700||on|||||&#8220; header_text_color=&#8220;#FFFFFF&#8220; header_font_size=&#8220;20px&#8220; background_layout=&#8220;dark&#8220; custom_margin=&#8220;||-16px||false|false&#8220; custom_padding=&#8220;||||false|false&#8220; header_font_size_tablet=&#8220;20px&#8220; header_font_size_phone=&#8220;20px&#8220; global_colors_info=&#8220;{}&#8220; theme_builder_area=&#8220;post_content&#8220;]@ET-DC@eyJkeW5hbWljIjp0cnVlLCJjb250ZW50IjoicG9zdF90aXRsZSIsInNldHRpbmdzIjp7ImJlZm9yZSI6IjxoMT4iLCJhZnRlciI6IjxcL2gxPiJ9fQ==@[\/et_pb_text][\/et_pb_column][et_pb_column type=&#8220;2_5&#8243; _builder_version=&#8220;4.27.4&#8243; _module_preset=&#8220;default&#8220; global_colors_info=&#8220;{}&#8220; theme_builder_area=&#8220;post_content&#8220;][et_pb_text _builder_version=&#8220;4.27.4&#8243; _dynamic_attributes=&#8220;content&#8220; _module_preset=&#8220;default&#8220; text_font_size=&#8220;20px&#8220; text_orientation=&#8220;right&#8220; background_layout=&#8220;dark&#8220; text_orientation_tablet=&#8220;left&#8220; text_orientation_phone=&#8220;left&#8220; text_orientation_last_edited=&#8220;on|tablet&#8220; global_colors_info=&#8220;{}&#8220; theme_builder_area=&#8220;post_content&#8220;]@ET-DC@eyJkeW5hbWljIjp0cnVlLCJjb250ZW50IjoicG9zdF9kYXRlIiwic2V0dGluZ3MiOnsiYmVmb3JlIjoiIiwiYWZ0ZXIiOiIiLCJkYXRlX2Zvcm1hdCI6ImRlZmF1bHQiLCJjdXN0b21fZGF0ZV9mb3JtYXQiOiIifX0=@[\/et_pb_text][\/et_pb_column][\/et_pb_row][et_pb_row custom_padding_last_edited=&#8220;on|phone&#8220; _builder_version=&#8220;4.27.4&#8243; _module_preset=&#8220;default&#8220; background_color=&#8220;rgba(0,43,81,0.15)&#8220; custom_padding=&#8220;71px|209px|48px|214px|false|false&#8220; custom_padding_tablet=&#8220;71px|78px|48px|78px|false|false&#8220; custom_padding_phone=&#8220;50px|25px|50px|25px|false|false&#8220; global_colors_info=&#8220;{}&#8220; theme_builder_area=&#8220;post_content&#8220;][et_pb_column type=&#8220;4_4&#8243; _builder_version=&#8220;4.27.4&#8243; _module_preset=&#8220;default&#8220; global_colors_info=&#8220;{}&#8220; theme_builder_area=&#8220;post_content&#8220;][et_pb_text _builder_version=&#8220;4.27.6&#8243; _module_preset=&#8220;default&#8220; hover_enabled=&#8220;0&#8243; locked=&#8220;off&#8220; global_colors_info=&#8220;{}&#8220; theme_builder_area=&#8220;post_content&#8220; sticky_enabled=&#8220;0&#8243;]<\/p>\n<p data-start=\"2120\" data-end=\"2475\"><strong>Die geplante Er\u00f6ffnung des Flughafens Lelystad f\u00fcr den kommerziellen Flugverkehr im Oktober 2027 r\u00fcckt einen Schritt n\u00e4her. Minister Vincent Karremans best\u00e4tigte, dass die Regierung auf rund 10.000 Ferienfl\u00fcge pro Jahr abzielt und die notwendigen Vorbereitungen beschleunigt. F\u00fcr Investoren und Logistikunternehmen markiert dies einen wichtigen Zeitpunkt.<\/strong><\/p>\n<p><\/p>\n<p data-start=\"2477\" data-end=\"2887\"><strong data-start=\"2477\" data-end=\"2510\">Von der Planung zur Umsetzung<\/strong><br data-start=\"2510\" data-end=\"2513\" \/>Die Flughafeninfrastruktur ist gr\u00f6\u00dftenteils bereits fertiggestellt. In der kommenden Phase liegt der Fokus auf der Finalisierung der gesetzlichen Rahmenbedingungen, der Anpassung des Flughafenbeschlusses sowie der Erteilung der erforderlichen Umweltgenehmigung. Parallel dazu bereiten sich operative Akteure wie die Flugsicherung und Grenzdienste auf die Inbetriebnahme vor.<\/p>\n<p><\/p>\n<p data-start=\"2889\" data-end=\"3035\">Diese Kombination aus regulatorischem Fortschritt und operativer Vorbereitung zeigt, dass sich das Projekt in einer entscheidenden Phase befindet.<\/p>\n<p><\/p>\n<p data-start=\"3037\" data-end=\"3312\"><strong data-start=\"3037\" data-end=\"3078\">Strategische Lage st\u00e4rkt die Position<\/strong><br data-start=\"3078\" data-end=\"3081\" \/>Die Er\u00f6ffnung des Flughafens Lelystad st\u00e4rkt die Position der Provinz Flevoland als logistischer Knotenpunkt innerhalb der Niederlande. Die Region bietet Raum, Skalierbarkeit und eine strategisch g\u00fcnstige Lage in N\u00e4he zur Randstad.<\/p>\n<p><\/p>\n<p data-start=\"3314\" data-end=\"3352\">F\u00fcr Logistikunternehmen bedeutet dies:<\/p>\n<p><\/p>\n<ul data-start=\"3354\" data-end=\"3497\">\n<li data-start=\"3354\" data-end=\"3418\">zus\u00e4tzliche Kapazit\u00e4ten im niederl\u00e4ndischen Logistiknetzwerk<\/li>\n<li data-start=\"3419\" data-end=\"3460\">bessere Verteilung der Verkehrsstr\u00f6me<\/li>\n<li data-start=\"3461\" data-end=\"3497\">Chancen f\u00fcr multimodale Logistik<\/li>\n<\/ul>\n<p><\/p>\n<p data-start=\"3499\" data-end=\"3643\">F\u00fcr Immobilieninvestoren entsteht eine klarere Perspektive hinsichtlich der Nachfrage nach Logistikimmobilien und Gewerbegebieten in der Region.<\/p>\n<p><\/p>\n<p data-start=\"3645\" data-end=\"4042\"><strong data-start=\"3645\" data-end=\"3684\">Momentum f\u00fcr Standortentscheidungen<\/strong><br data-start=\"3684\" data-end=\"3687\" \/>Die Kombination aus verf\u00fcgbaren Fl\u00e4chen, infrastruktureller Entwicklung und wachsender Planungssicherheit macht dies zu einem relevanten Zeitpunkt, Lelystad als Standort ernsthaft in Betracht zu ziehen. Mit der angestrebten Er\u00f6ffnung im Jahr 2027 r\u00fcckt ein wichtiger Impulsgeber f\u00fcr wirtschaftliches Wachstum und logistische Entwicklung in greifbare N\u00e4he.<\/p>\n<p>[\/et_pb_text][\/et_pb_column][\/et_pb_row][et_pb_row column_structure=&#8220;1_3,1_3,1_3&#8243; use_custom_gutter=&#8220;on&#8220; gutter_width=&#8220;1&#8243; make_equal=&#8220;on&#8220; _builder_version=&#8220;4.27.4&#8243; _module_preset=&#8220;default&#8220; custom_padding=&#8220;31px||32px||false|false&#8220; custom_css_free_form=&#8220;@media screen and (min-width: 981px) {||  selector {||    display: flex;||    gap: 30px;||  }||||selector:after {||    content: none;||  }||}&#8220; global_colors_info=&#8220;{}&#8220; theme_builder_area=&#8220;post_content&#8220;][et_pb_column type=&#8220;1_3&#8243; _builder_version=&#8220;4.27.4&#8243; _module_preset=&#8220;default&#8220; global_colors_info=&#8220;{}&#8220; theme_builder_area=&#8220;post_content&#8220;][et_pb_divider show_divider=&#8220;off&#8220; _builder_version=&#8220;4.27.6&#8243; _module_preset=&#8220;default&#8220; background_image=&#8220;https:\/\/lelystadlogistics.com\/wp-content\/uploads\/2026\/02\/Lelystad-Airport_passagiersterminal_04-scaled-1.jpg&#8220; height=&#8220;307px&#8220; height_tablet=&#8220;300px&#8220; height_phone=&#8220;275px&#8220; height_last_edited=&#8220;on|phone&#8220; custom_margin_tablet=&#8220;||31px||false|false&#8220; custom_margin_phone=&#8220;||31px||false|false&#8220; custom_margin_last_edited=&#8220;on|tablet&#8220; hover_enabled=&#8220;0&#8243; global_colors_info=&#8220;{}&#8220; theme_builder_area=&#8220;post_content&#8220; alt=&#8220;Passasiersterminal Lelystad Airport&#8220; title_text=&#8220;Lelystad-Airport_passagiersterminal&#8220; sticky_enabled=&#8220;0&#8243;][\/et_pb_divider][\/et_pb_column][et_pb_column type=&#8220;1_3&#8243; _builder_version=&#8220;4.27.4&#8243; _module_preset=&#8220;default&#8220; global_colors_info=&#8220;{}&#8220; theme_builder_area=&#8220;post_content&#8220;][et_pb_divider show_divider=&#8220;off&#8220; _builder_version=&#8220;4.27.6&#8243; _module_preset=&#8220;default&#8220; background_image=&#8220;https:\/\/lelystadlogistics.com\/wp-content\/uploads\/2025\/11\/LAB-2025-Pluim-Fotografie-95-scaled.jpg&#8220; height=&#8220;307px&#8220; height_tablet=&#8220;300px&#8220; height_phone=&#8220;275px&#8220; height_last_edited=&#8220;on|phone&#8220; custom_margin_tablet=&#8220;||31px||false|false&#8220; custom_margin_phone=&#8220;||31px||false|false&#8220; custom_margin_last_edited=&#8220;on|phone&#8220; hover_enabled=&#8220;0&#8243; global_colors_info=&#8220;{}&#8220; theme_builder_area=&#8220;post_content&#8220; alt=&#8220;Luchtfoto Lelystad Airport&#8220; title_text=&#8220;Pluim Fotografie-Airport 1&#8243; sticky_enabled=&#8220;0&#8243;][\/et_pb_divider][\/et_pb_column][et_pb_column type=&#8220;1_3&#8243; _builder_version=&#8220;4.27.4&#8243; _module_preset=&#8220;default&#8220; global_colors_info=&#8220;{}&#8220; theme_builder_area=&#8220;post_content&#8220;][et_pb_divider show_divider=&#8220;off&#8220; _builder_version=&#8220;4.27.6&#8243; _module_preset=&#8220;default&#8220; background_image=&#8220;https:\/\/lelystadlogistics.com\/wp-content\/uploads\/2025\/10\/haberdoedas-4RnKDNHFyGQ-unsplash.jpg&#8220; height=&#8220;307px&#8220; height_tablet=&#8220;300px&#8220; height_phone=&#8220;275px&#8220; height_last_edited=&#8220;on|tablet&#8220; hover_enabled=&#8220;0&#8243; global_colors_info=&#8220;{}&#8220; theme_builder_area=&#8220;post_content&#8220; alt=&#8220;Lelystad Airport&#8220; title_text=&#8220;Lelystad Airport&#8220; sticky_enabled=&#8220;0&#8243;][\/et_pb_divider][\/et_pb_column][\/et_pb_row][\/et_pb_section]<\/p>\n","protected":false},"excerpt":{"rendered":"<p><div class=\"et_pb_module dsm_social_share_buttons dsm_social_share_buttons_0\">\n\t\t\t\t\n\t\t\t\t\n\t\t\t\t\n\t\t\t\t\n\t\t\t\t\n\t\t\t\t\n\t\t\t\t<div class=\"et_pb_module_inner\">\n\t\t\t\t\t<div class=\"dsm-social-share-buttons-container dsm-gradient dsm-icon\">\n\t\t\t\t<div class=\"dsm-social-share-button-wrapper dsm_social_share_buttons_child_0\">\n\t\t\t\t\n\t\t\t            <div class=\"dsm-social-share-button-inner-wrapper dsm-linkedin dsm_social_share_buttons_child_0 dsm-none\" data-share_url=\"https:\/\/www.linkedin.com\/shareArticle?mini=true&url=\/&title=&summary=&source=\">\n\t\t\t\t\t\t    \n\t\t\t\t\t\t\t\n\t\t\t\t              <div class=\"dsm-social-share-button-icon\">\n\t\t\t\t\t\t\t  <span class=\"dsm_icon et-pb-icon\">\uf08c<\/span>\t\t\t\t\t\t      <\/div>\n\t\t\t\t\t\t\t\n\t\t\t\t\t\t<\/div>\n\t\t\t   \n\t\t\t <\/div>\n\t\t\t<div class=\"dsm-social-share-button-wrapper dsm_social_share_buttons_child_1\">\n\t\t\t\t\n\t\t\t            <div class=\"dsm-social-share-button-inner-wrapper dsm-whatsapp dsm_social_share_buttons_child_1 dsm-none\" data-share_url=\"https:\/\/api.whatsapp.com\/send?text=\">\n\t\t\t\t\t\t    \n\t\t\t\t\t\t\t\n\t\t\t\t            <div class=\"dsm-social-share-button-icon\">\n\t\t\t\t\t\t\t<span class=\"dsm_icon et-pb-icon\">\uf232<\/span>\t\t\t\t\t\t    <\/div>\n\t\t\t\t\t\t    \n\t\t\t\t\t\t<\/div>\n\t\t\t   \n\t\t\t <\/div>\n\t\t\t\n\t\t\t<\/div>\n\t\t\t\n\t\t\t\t<\/div>\n\t\t\t<\/div><div class=\"et_pb_module dsm_social_share_buttons dsm_social_share_buttons_1\">\n\t\t\t\t\n\t\t\t\t\n\t\t\t\t\n\t\t\t\t\n\t\t\t\t\n\t\t\t\t\n\t\t\t\t<div class=\"et_pb_module_inner\">\n\t\t\t\t\t<div class=\"dsm-social-share-buttons-container dsm-gradient dsm-icon\">\n\t\t\t\t<div class=\"dsm-social-share-button-wrapper dsm_social_share_buttons_child_2\">\n\t\t\t\t\n\t\t\t            <div class=\"dsm-social-share-button-inner-wrapper dsm-linkedin dsm_social_share_buttons_child_2 dsm-none\" data-share_url=\"https:\/\/www.linkedin.com\/shareArticle?mini=true&url=\/&title=&summary=&source=\">\n\t\t\t\t\t\t    \n\t\t\t\t\t\t\t\n\t\t\t\t              <div class=\"dsm-social-share-button-icon\">\n\t\t\t\t\t\t\t  <span class=\"dsm_icon et-pb-icon\">\uf08c<\/span>\t\t\t\t\t\t      <\/div>\n\t\t\t\t\t\t\t\n\t\t\t\t\t\t<\/div>\n\t\t\t   \n\t\t\t <\/div>\n\t\t\t<div class=\"dsm-social-share-button-wrapper dsm_social_share_buttons_child_3\">\n\t\t\t\t\n\t\t\t            <div class=\"dsm-social-share-button-inner-wrapper dsm-whatsapp dsm_social_share_buttons_child_3 dsm-none\" data-share_url=\"https:\/\/api.whatsapp.com\/send?text=\">\n\t\t\t\t\t\t    \n\t\t\t\t\t\t\t\n\t\t\t\t            <div class=\"dsm-social-share-button-icon\">\n\t\t\t\t\t\t\t<span class=\"dsm_icon et-pb-icon\">\uf232<\/span>\t\t\t\t\t\t    <\/div>\n\t\t\t\t\t\t    \n\t\t\t\t\t\t<\/div>\n\t\t\t   \n\t\t\t <\/div>\n\t\t\t\n\t\t\t<\/div>\n\t\t\t\n\t\t\t\t<\/div>\n\t\t\t<\/div>Die geplante Er\u00f6ffnung des Flughafens Lelystad f\u00fcr den kommerziellen Flugverkehr im Oktober 2027 r\u00fcckt einen Schritt n\u00e4her. Minister Vincent Karremans best\u00e4tigte, dass die Regierung auf rund 10.000 Ferienfl\u00fcge pro Jahr abzielt und die notwendigen Vorbereitungen beschleunigt. F\u00fcr Investoren und Logistikunternehmen markiert dies einen wichtigen Zeitpunkt.Von der Planung zur UmsetzungDie Flughafeninfrastruktur ist gr\u00f6\u00dftenteils bereits fertiggestellt. In der kommenden Phase liegt der Fokus auf der Finalisierung der gesetzlichen Rahmenbedingungen, der Anpassung des Flughafenbeschlusses sowie der Erteilung der erforderlichen Umweltgenehmigung. Parallel dazu bereiten sich operative Akteure wie die Flugsicherung und Grenzdienste [&hellip;]<\/p>\n","protected":false},"author":2,"featured_media":9655,"comment_status":"closed","ping_status":"closed","sticky":false,"template":"","format":"standard","meta":{"_acf_changed":false,"_et_pb_use_builder":"on","_et_pb_old_content":"","_et_gb_content_width":"","footnotes":""},"categories":[21],"tags":[],"class_list":["post-9861","post","type-post","status-publish","format-standard","has-post-thumbnail","hentry","category-nicht-kategorisiert"],"acf":[],"yoast_head":"<!-- This site is optimized with the Yoast SEO plugin v27.5 - https:\/\/yoast.com\/product\/yoast-seo-wordpress\/ -->\n<title>Er\u00f6ffnung des Flughafens Lelystad r\u00fcckt n\u00e4her: Impuls f\u00fcr die Region und Chancen f\u00fcr die Logistik | Lelystad Logistics<\/title>\n<meta name=\"description\" content=\"Die Er\u00f6ffnung des Flughafens Lelystad im Jahr 2027 bietet Chancen f\u00fcr Logistik und Immobilien. Entdecken Sie, warum Lelystad ein attraktiver Standort f\u00fcr Ihr Unternehmen ist.\" \/>\n<meta name=\"robots\" content=\"index, follow, max-snippet:-1, max-image-preview:large, max-video-preview:-1\" \/>\n<link rel=\"canonical\" href=\"https:\/\/lelystadlogistics.com\/de\/eroeffnung-des-flughafens-lelystad-rueckt-naeher-impuls-fuer-die-region-und-chancen-fuer-die-logistik\/\" \/>\n<meta property=\"og:locale\" content=\"de_DE\" \/>\n<meta property=\"og:type\" content=\"article\" \/>\n<meta property=\"og:title\" content=\"Er\u00f6ffnung des Flughafens Lelystad r\u00fcckt n\u00e4her: Impuls f\u00fcr die Region und Chancen f\u00fcr die Logistik | Lelystad Logistics\" \/>\n<meta property=\"og:description\" content=\"Die Er\u00f6ffnung des Flughafens Lelystad im Jahr 2027 bietet Chancen f\u00fcr Logistik und Immobilien. Entdecken Sie, warum Lelystad ein attraktiver Standort f\u00fcr Ihr Unternehmen ist.\" \/>\n<meta property=\"og:url\" content=\"https:\/\/lelystadlogistics.com\/de\/eroeffnung-des-flughafens-lelystad-rueckt-naeher-impuls-fuer-die-region-und-chancen-fuer-die-logistik\/\" \/>\n<meta property=\"og:site_name\" content=\"Lelystad Logistics\" \/>\n<meta property=\"article:published_time\" content=\"2026-04-21T11:15:33+00:00\" \/>\n<meta property=\"article:modified_time\" content=\"2026-04-21T14:03:10+00:00\" \/>\n<meta property=\"og:image\" content=\"https:\/\/lelystadlogistics.com\/wp-content\/uploads\/2026\/02\/Lelystad-Airport_GA_01-scaled-1.jpg\" \/>\n\t<meta property=\"og:image:width\" content=\"2560\" \/>\n\t<meta property=\"og:image:height\" content=\"1707\" \/>\n\t<meta property=\"og:image:type\" content=\"image\/jpeg\" \/>\n<meta name=\"author\" content=\"Linda van Baal\" \/>\n<meta name=\"twitter:card\" content=\"summary_large_image\" \/>\n<meta name=\"twitter:label1\" content=\"Verfasst von\" \/>\n\t<meta name=\"twitter:data1\" content=\"Linda van Baal\" \/>\n\t<meta name=\"twitter:label2\" content=\"Gesch\u00e4tzte Lesezeit\" \/>\n\t<meta name=\"twitter:data2\" content=\"10\u00a0Minuten\" \/>\n<script type=\"application\/ld+json\" class=\"yoast-schema-graph\">{\"@context\":\"https:\\\/\\\/schema.org\",\"@graph\":[{\"@type\":\"Article\",\"@id\":\"https:\\\/\\\/lelystadlogistics.com\\\/de\\\/eroeffnung-des-flughafens-lelystad-rueckt-naeher-impuls-fuer-die-region-und-chancen-fuer-die-logistik\\\/#article\",\"isPartOf\":{\"@id\":\"https:\\\/\\\/lelystadlogistics.com\\\/de\\\/eroeffnung-des-flughafens-lelystad-rueckt-naeher-impuls-fuer-die-region-und-chancen-fuer-die-logistik\\\/\"},\"author\":{\"name\":\"Linda van Baal\",\"@id\":\"https:\\\/\\\/lelystadlogistics.com\\\/de\\\/#\\\/schema\\\/person\\\/22454a3e04f689ae9c3c004de52432fe\"},\"headline\":\"Er\u00f6ffnung des Flughafens Lelystad r\u00fcckt n\u00e4her: Impuls f\u00fcr die Region und Chancen f\u00fcr die Logistik\",\"datePublished\":\"2026-04-21T11:15:33+00:00\",\"dateModified\":\"2026-04-21T14:03:10+00:00\",\"mainEntityOfPage\":{\"@id\":\"https:\\\/\\\/lelystadlogistics.com\\\/de\\\/eroeffnung-des-flughafens-lelystad-rueckt-naeher-impuls-fuer-die-region-und-chancen-fuer-die-logistik\\\/\"},\"wordCount\":2047,\"publisher\":{\"@id\":\"https:\\\/\\\/lelystadlogistics.com\\\/de\\\/#organization\"},\"image\":{\"@id\":\"https:\\\/\\\/lelystadlogistics.com\\\/de\\\/eroeffnung-des-flughafens-lelystad-rueckt-naeher-impuls-fuer-die-region-und-chancen-fuer-die-logistik\\\/#primaryimage\"},\"thumbnailUrl\":\"https:\\\/\\\/lelystadlogistics.com\\\/wp-content\\\/uploads\\\/2026\\\/02\\\/Lelystad-Airport_GA_01-scaled-1.jpg\",\"articleSection\":[\"Nicht kategorisiert\"],\"inLanguage\":\"de\"},{\"@type\":\"WebPage\",\"@id\":\"https:\\\/\\\/lelystadlogistics.com\\\/de\\\/eroeffnung-des-flughafens-lelystad-rueckt-naeher-impuls-fuer-die-region-und-chancen-fuer-die-logistik\\\/\",\"url\":\"https:\\\/\\\/lelystadlogistics.com\\\/de\\\/eroeffnung-des-flughafens-lelystad-rueckt-naeher-impuls-fuer-die-region-und-chancen-fuer-die-logistik\\\/\",\"name\":\"Er\u00f6ffnung des Flughafens Lelystad r\u00fcckt n\u00e4her: Impuls f\u00fcr die Region und Chancen f\u00fcr die Logistik | Lelystad Logistics\",\"isPartOf\":{\"@id\":\"https:\\\/\\\/lelystadlogistics.com\\\/de\\\/#website\"},\"primaryImageOfPage\":{\"@id\":\"https:\\\/\\\/lelystadlogistics.com\\\/de\\\/eroeffnung-des-flughafens-lelystad-rueckt-naeher-impuls-fuer-die-region-und-chancen-fuer-die-logistik\\\/#primaryimage\"},\"image\":{\"@id\":\"https:\\\/\\\/lelystadlogistics.com\\\/de\\\/eroeffnung-des-flughafens-lelystad-rueckt-naeher-impuls-fuer-die-region-und-chancen-fuer-die-logistik\\\/#primaryimage\"},\"thumbnailUrl\":\"https:\\\/\\\/lelystadlogistics.com\\\/wp-content\\\/uploads\\\/2026\\\/02\\\/Lelystad-Airport_GA_01-scaled-1.jpg\",\"datePublished\":\"2026-04-21T11:15:33+00:00\",\"dateModified\":\"2026-04-21T14:03:10+00:00\",\"description\":\"Die Er\u00f6ffnung des Flughafens Lelystad im Jahr 2027 bietet Chancen f\u00fcr Logistik und Immobilien. Entdecken Sie, warum Lelystad ein attraktiver Standort f\u00fcr Ihr Unternehmen ist.\",\"breadcrumb\":{\"@id\":\"https:\\\/\\\/lelystadlogistics.com\\\/de\\\/eroeffnung-des-flughafens-lelystad-rueckt-naeher-impuls-fuer-die-region-und-chancen-fuer-die-logistik\\\/#breadcrumb\"},\"inLanguage\":\"de\",\"potentialAction\":[{\"@type\":\"ReadAction\",\"target\":[\"https:\\\/\\\/lelystadlogistics.com\\\/de\\\/eroeffnung-des-flughafens-lelystad-rueckt-naeher-impuls-fuer-die-region-und-chancen-fuer-die-logistik\\\/\"]}]},{\"@type\":\"ImageObject\",\"inLanguage\":\"de\",\"@id\":\"https:\\\/\\\/lelystadlogistics.com\\\/de\\\/eroeffnung-des-flughafens-lelystad-rueckt-naeher-impuls-fuer-die-region-und-chancen-fuer-die-logistik\\\/#primaryimage\",\"url\":\"https:\\\/\\\/lelystadlogistics.com\\\/wp-content\\\/uploads\\\/2026\\\/02\\\/Lelystad-Airport_GA_01-scaled-1.jpg\",\"contentUrl\":\"https:\\\/\\\/lelystadlogistics.com\\\/wp-content\\\/uploads\\\/2026\\\/02\\\/Lelystad-Airport_GA_01-scaled-1.jpg\",\"width\":2560,\"height\":1707,\"caption\":\"Luchtfoto Lelystad Airport\"},{\"@type\":\"BreadcrumbList\",\"@id\":\"https:\\\/\\\/lelystadlogistics.com\\\/de\\\/eroeffnung-des-flughafens-lelystad-rueckt-naeher-impuls-fuer-die-region-und-chancen-fuer-die-logistik\\\/#breadcrumb\",\"itemListElement\":[{\"@type\":\"ListItem\",\"position\":1,\"name\":\"Home\",\"item\":\"https:\\\/\\\/lelystadlogistics.com\\\/de\\\/\"},{\"@type\":\"ListItem\",\"position\":2,\"name\":\"Er\u00f6ffnung des Flughafens Lelystad r\u00fcckt n\u00e4her: Impuls f\u00fcr die Region und Chancen f\u00fcr die Logistik\"}]},{\"@type\":\"WebSite\",\"@id\":\"https:\\\/\\\/lelystadlogistics.com\\\/de\\\/#website\",\"url\":\"https:\\\/\\\/lelystadlogistics.com\\\/de\\\/\",\"name\":\"Lelystad Logistics\",\"description\":\"Part of Metropolitan Region Amsterdam\",\"publisher\":{\"@id\":\"https:\\\/\\\/lelystadlogistics.com\\\/de\\\/#organization\"},\"potentialAction\":[{\"@type\":\"SearchAction\",\"target\":{\"@type\":\"EntryPoint\",\"urlTemplate\":\"https:\\\/\\\/lelystadlogistics.com\\\/de\\\/?s={search_term_string}\"},\"query-input\":{\"@type\":\"PropertyValueSpecification\",\"valueRequired\":true,\"valueName\":\"search_term_string\"}}],\"inLanguage\":\"de\"},{\"@type\":\"Organization\",\"@id\":\"https:\\\/\\\/lelystadlogistics.com\\\/de\\\/#organization\",\"name\":\"Lelystad Logistics\",\"alternateName\":\"Part of Metropolitan Region Amsterdam\",\"url\":\"https:\\\/\\\/lelystadlogistics.com\\\/de\\\/\",\"logo\":{\"@type\":\"ImageObject\",\"inLanguage\":\"de\",\"@id\":\"https:\\\/\\\/lelystadlogistics.com\\\/de\\\/#\\\/schema\\\/logo\\\/image\\\/\",\"url\":\"https:\\\/\\\/lelystadlogistics.com\\\/wp-content\\\/uploads\\\/2025\\\/11\\\/Logo-Lelystad-Logistics-1.svg\",\"contentUrl\":\"https:\\\/\\\/lelystadlogistics.com\\\/wp-content\\\/uploads\\\/2025\\\/11\\\/Logo-Lelystad-Logistics-1.svg\",\"width\":1,\"height\":1,\"caption\":\"Lelystad Logistics\"},\"image\":{\"@id\":\"https:\\\/\\\/lelystadlogistics.com\\\/de\\\/#\\\/schema\\\/logo\\\/image\\\/\"}},{\"@type\":\"Person\",\"@id\":\"https:\\\/\\\/lelystadlogistics.com\\\/de\\\/#\\\/schema\\\/person\\\/22454a3e04f689ae9c3c004de52432fe\",\"name\":\"Linda van Baal\"}]}<\/script>\n<!-- \/ Yoast SEO plugin. -->","yoast_head_json":{"title":"Er\u00f6ffnung des Flughafens Lelystad r\u00fcckt n\u00e4her: Impuls f\u00fcr die Region und Chancen f\u00fcr die Logistik | Lelystad Logistics","description":"Die Er\u00f6ffnung des Flughafens Lelystad im Jahr 2027 bietet Chancen f\u00fcr Logistik und Immobilien. Entdecken Sie, warum Lelystad ein attraktiver Standort f\u00fcr Ihr Unternehmen ist.","robots":{"index":"index","follow":"follow","max-snippet":"max-snippet:-1","max-image-preview":"max-image-preview:large","max-video-preview":"max-video-preview:-1"},"canonical":"https:\/\/lelystadlogistics.com\/de\/eroeffnung-des-flughafens-lelystad-rueckt-naeher-impuls-fuer-die-region-und-chancen-fuer-die-logistik\/","og_locale":"de_DE","og_type":"article","og_title":"Er\u00f6ffnung des Flughafens Lelystad r\u00fcckt n\u00e4her: Impuls f\u00fcr die Region und Chancen f\u00fcr die Logistik | Lelystad Logistics","og_description":"Die Er\u00f6ffnung des Flughafens Lelystad im Jahr 2027 bietet Chancen f\u00fcr Logistik und Immobilien. Entdecken Sie, warum Lelystad ein attraktiver Standort f\u00fcr Ihr Unternehmen ist.","og_url":"https:\/\/lelystadlogistics.com\/de\/eroeffnung-des-flughafens-lelystad-rueckt-naeher-impuls-fuer-die-region-und-chancen-fuer-die-logistik\/","og_site_name":"Lelystad Logistics","article_published_time":"2026-04-21T11:15:33+00:00","article_modified_time":"2026-04-21T14:03:10+00:00","og_image":[{"width":2560,"height":1707,"url":"https:\/\/lelystadlogistics.com\/wp-content\/uploads\/2026\/02\/Lelystad-Airport_GA_01-scaled-1.jpg","type":"image\/jpeg"}],"author":"Linda van Baal","twitter_card":"summary_large_image","twitter_misc":{"Verfasst von":"Linda van Baal","Gesch\u00e4tzte Lesezeit":"10\u00a0Minuten"},"schema":{"@context":"https:\/\/schema.org","@graph":[{"@type":"Article","@id":"https:\/\/lelystadlogistics.com\/de\/eroeffnung-des-flughafens-lelystad-rueckt-naeher-impuls-fuer-die-region-und-chancen-fuer-die-logistik\/#article","isPartOf":{"@id":"https:\/\/lelystadlogistics.com\/de\/eroeffnung-des-flughafens-lelystad-rueckt-naeher-impuls-fuer-die-region-und-chancen-fuer-die-logistik\/"},"author":{"name":"Linda van Baal","@id":"https:\/\/lelystadlogistics.com\/de\/#\/schema\/person\/22454a3e04f689ae9c3c004de52432fe"},"headline":"Er\u00f6ffnung des Flughafens Lelystad r\u00fcckt n\u00e4her: Impuls f\u00fcr die Region und Chancen f\u00fcr die Logistik","datePublished":"2026-04-21T11:15:33+00:00","dateModified":"2026-04-21T14:03:10+00:00","mainEntityOfPage":{"@id":"https:\/\/lelystadlogistics.com\/de\/eroeffnung-des-flughafens-lelystad-rueckt-naeher-impuls-fuer-die-region-und-chancen-fuer-die-logistik\/"},"wordCount":2047,"publisher":{"@id":"https:\/\/lelystadlogistics.com\/de\/#organization"},"image":{"@id":"https:\/\/lelystadlogistics.com\/de\/eroeffnung-des-flughafens-lelystad-rueckt-naeher-impuls-fuer-die-region-und-chancen-fuer-die-logistik\/#primaryimage"},"thumbnailUrl":"https:\/\/lelystadlogistics.com\/wp-content\/uploads\/2026\/02\/Lelystad-Airport_GA_01-scaled-1.jpg","articleSection":["Nicht kategorisiert"],"inLanguage":"de"},{"@type":"WebPage","@id":"https:\/\/lelystadlogistics.com\/de\/eroeffnung-des-flughafens-lelystad-rueckt-naeher-impuls-fuer-die-region-und-chancen-fuer-die-logistik\/","url":"https:\/\/lelystadlogistics.com\/de\/eroeffnung-des-flughafens-lelystad-rueckt-naeher-impuls-fuer-die-region-und-chancen-fuer-die-logistik\/","name":"Er\u00f6ffnung des Flughafens Lelystad r\u00fcckt n\u00e4her: Impuls f\u00fcr die Region und Chancen f\u00fcr die Logistik | Lelystad Logistics","isPartOf":{"@id":"https:\/\/lelystadlogistics.com\/de\/#website"},"primaryImageOfPage":{"@id":"https:\/\/lelystadlogistics.com\/de\/eroeffnung-des-flughafens-lelystad-rueckt-naeher-impuls-fuer-die-region-und-chancen-fuer-die-logistik\/#primaryimage"},"image":{"@id":"https:\/\/lelystadlogistics.com\/de\/eroeffnung-des-flughafens-lelystad-rueckt-naeher-impuls-fuer-die-region-und-chancen-fuer-die-logistik\/#primaryimage"},"thumbnailUrl":"https:\/\/lelystadlogistics.com\/wp-content\/uploads\/2026\/02\/Lelystad-Airport_GA_01-scaled-1.jpg","datePublished":"2026-04-21T11:15:33+00:00","dateModified":"2026-04-21T14:03:10+00:00","description":"Die Er\u00f6ffnung des Flughafens Lelystad im Jahr 2027 bietet Chancen f\u00fcr Logistik und Immobilien. Entdecken Sie, warum Lelystad ein attraktiver Standort f\u00fcr Ihr Unternehmen ist.","breadcrumb":{"@id":"https:\/\/lelystadlogistics.com\/de\/eroeffnung-des-flughafens-lelystad-rueckt-naeher-impuls-fuer-die-region-und-chancen-fuer-die-logistik\/#breadcrumb"},"inLanguage":"de","potentialAction":[{"@type":"ReadAction","target":["https:\/\/lelystadlogistics.com\/de\/eroeffnung-des-flughafens-lelystad-rueckt-naeher-impuls-fuer-die-region-und-chancen-fuer-die-logistik\/"]}]},{"@type":"ImageObject","inLanguage":"de","@id":"https:\/\/lelystadlogistics.com\/de\/eroeffnung-des-flughafens-lelystad-rueckt-naeher-impuls-fuer-die-region-und-chancen-fuer-die-logistik\/#primaryimage","url":"https:\/\/lelystadlogistics.com\/wp-content\/uploads\/2026\/02\/Lelystad-Airport_GA_01-scaled-1.jpg","contentUrl":"https:\/\/lelystadlogistics.com\/wp-content\/uploads\/2026\/02\/Lelystad-Airport_GA_01-scaled-1.jpg","width":2560,"height":1707,"caption":"Luchtfoto Lelystad Airport"},{"@type":"BreadcrumbList","@id":"https:\/\/lelystadlogistics.com\/de\/eroeffnung-des-flughafens-lelystad-rueckt-naeher-impuls-fuer-die-region-und-chancen-fuer-die-logistik\/#breadcrumb","itemListElement":[{"@type":"ListItem","position":1,"name":"Home","item":"https:\/\/lelystadlogistics.com\/de\/"},{"@type":"ListItem","position":2,"name":"Er\u00f6ffnung des Flughafens Lelystad r\u00fcckt n\u00e4her: Impuls f\u00fcr die Region und Chancen f\u00fcr die Logistik"}]},{"@type":"WebSite","@id":"https:\/\/lelystadlogistics.com\/de\/#website","url":"https:\/\/lelystadlogistics.com\/de\/","name":"Lelystad Logistics","description":"Part of Metropolitan Region Amsterdam","publisher":{"@id":"https:\/\/lelystadlogistics.com\/de\/#organization"},"potentialAction":[{"@type":"SearchAction","target":{"@type":"EntryPoint","urlTemplate":"https:\/\/lelystadlogistics.com\/de\/?s={search_term_string}"},"query-input":{"@type":"PropertyValueSpecification","valueRequired":true,"valueName":"search_term_string"}}],"inLanguage":"de"},{"@type":"Organization","@id":"https:\/\/lelystadlogistics.com\/de\/#organization","name":"Lelystad Logistics","alternateName":"Part of Metropolitan Region Amsterdam","url":"https:\/\/lelystadlogistics.com\/de\/","logo":{"@type":"ImageObject","inLanguage":"de","@id":"https:\/\/lelystadlogistics.com\/de\/#\/schema\/logo\/image\/","url":"https:\/\/lelystadlogistics.com\/wp-content\/uploads\/2025\/11\/Logo-Lelystad-Logistics-1.svg","contentUrl":"https:\/\/lelystadlogistics.com\/wp-content\/uploads\/2025\/11\/Logo-Lelystad-Logistics-1.svg","width":1,"height":1,"caption":"Lelystad Logistics"},"image":{"@id":"https:\/\/lelystadlogistics.com\/de\/#\/schema\/logo\/image\/"}},{"@type":"Person","@id":"https:\/\/lelystadlogistics.com\/de\/#\/schema\/person\/22454a3e04f689ae9c3c004de52432fe","name":"Linda van Baal"}]}},"_links":{"self":[{"href":"https:\/\/lelystadlogistics.com\/de\/wp-json\/wp\/v2\/posts\/9861","targetHints":{"allow":["GET"]}}],"collection":[{"href":"https:\/\/lelystadlogistics.com\/de\/wp-json\/wp\/v2\/posts"}],"about":[{"href":"https:\/\/lelystadlogistics.com\/de\/wp-json\/wp\/v2\/types\/post"}],"author":[{"embeddable":true,"href":"https:\/\/lelystadlogistics.com\/de\/wp-json\/wp\/v2\/users\/2"}],"replies":[{"embeddable":true,"href":"https:\/\/lelystadlogistics.com\/de\/wp-json\/wp\/v2\/comments?post=9861"}],"version-history":[{"count":5,"href":"https:\/\/lelystadlogistics.com\/de\/wp-json\/wp\/v2\/posts\/9861\/revisions"}],"predecessor-version":[{"id":9866,"href":"https:\/\/lelystadlogistics.com\/de\/wp-json\/wp\/v2\/posts\/9861\/revisions\/9866"}],"wp:featuredmedia":[{"embeddable":true,"href":"https:\/\/lelystadlogistics.com\/de\/wp-json\/wp\/v2\/media\/9655"}],"wp:attachment":[{"href":"https:\/\/lelystadlogistics.com\/de\/wp-json\/wp\/v2\/media?parent=9861"}],"wp:term":[{"taxonomy":"category","embeddable":true,"href":"https:\/\/lelystadlogistics.com\/de\/wp-json\/wp\/v2\/categories?post=9861"},{"taxonomy":"post_tag","embeddable":true,"href":"https:\/\/lelystadlogistics.com\/de\/wp-json\/wp\/v2\/tags?post=9861"}],"curies":[{"name":"wp","href":"https:\/\/api.w.org\/{rel}","templated":true}]}}